{"id":11025,"date":"2019-10-02T13:24:23","date_gmt":"2019-10-02T11:24:23","guid":{"rendered":"http:\/\/fitpass.rs\/blog\/?p=11025"},"modified":"2019-10-01T15:34:27","modified_gmt":"2019-10-01T13:34:27","slug":"cekamo-vas-na-ovogodisnjem-najvecem-regionalnom-sajmu-fitnesa-wellness-zdravlja-belfis-2019","status":"publish","type":"post","link":"https:\/\/fitpass.rs\/blog\/cekamo-vas-na-ovogodisnjem-najvecem-regionalnom-sajmu-fitnesa-wellness-zdravlja-belfis-2019\/","title":{"rendered":"\u010cekamo vas na ovogodi\u0161njem najve\u0107em regionalnom Sajmu fitnesa, wellness-a i zdravlja \u2013 Belfis 2019"},"content":{"rendered":"<p style=\"text-align: justify;\"><strong>Belfis 2019\u00a0<\/strong>iz godine u godinu postaje doga\u0111aj koji okuplja najbolje iz sfera sporta, fitnesa, wellness-a i zdravlja uop\u0161te. Ovogodi\u0161nji Belfis koji \u0107e se odr\u017eati u Beogradu od\u00a0<strong>04. do 06. oktobra (Beogradski sajam, hala 3)<\/strong>\u00a0obe\u0107ava mno\u0161tvo fenomenalnog sadr\u017eaja, a me\u0111u njim i u\u010de\u0161\u0107e FitPass brenda i sjajne promotivne akcije!<\/p>\n<blockquote>\n<p style=\"text-align: justify;\"><em>Naime, u sklopu Belfisa\u00a0<strong>FitPass je obezbedio 20% popusta na kupovinu na\u0161e kartice, odnosno na kupovinu bilo kojeg paketa iz na\u0161e ponude, kao i obnovu \u010dlanarine.*<\/strong><\/em><\/p>\n<\/blockquote>\n<p style=\"text-align: justify;\"><strong>Tako\u0111e, svim korisnicima \u0107e biti omogu\u0107ena i kupovina na\u0161e <span style=\"color: #ff0000;\">#FitPassGear sportske opreme<\/span>, kao i dru\u017eenje sa brojnim FitPass ambasadorima, medijima i poznatim li\u010dnostima.<\/strong><\/p>\n<p style=\"text-align: justify;\"><strong>Radno vreme na\u0161e promotivne zone bi\u0107e <span style=\"color: #ff0000;\">petkom, subotom i nedeljom od 10:00h do 19:00h.<\/span><\/strong><\/p>\n<p style=\"text-align: justify;\"><strong>Napomena:\u00a0<\/strong>Popust mogu ostvariti i novi i postoje\u0107i korisnici s tim \u0161to svi dodatni popusti koji su postoje\u0107i korisnici skupili do sada (sistem preporuke, kodovi, nagradni vau\u010deri\u2026), se\u00a0<strong>NE<\/strong>\u00a0mogu obra\u010dunati na popust u sklopu ovog doga\u0111aja.<\/p>\n<p style=\"text-align: justify;\">Tako\u0111e, akcija va\u017ei samo za fizi\u010dka lica,\u00a0<strong>NE<\/strong>\u00a0i za korporativne korisnike. Tako\u0111e, promocija se\u00a0<strong>NE\u00a0<\/strong>odnosi ni na FitPass Student karticu.\u00a0<strong>Korisnik koji obnavlja \u010dlanarinu i koja isti\u010de nakon 31. oktobra (uklju\u010duju\u0107i i 31. oktobar) ne\u0107e mo\u0107i da iskoristi popust na ovom doga\u0111aju.<\/strong><\/p>\n<p>&nbsp;<\/p>\n<p style=\"text-align: justify;\"><strong>* Popust se obra\u010dunava samo u sklopu ovog doga\u0111aja (dolaskom u na\u0161u promotivnu zonu), NE i u na\u0161im prodajnim centrima TC City Passage (Obili\u0107ev venac 18) i Mercator centru u Beogradu, niti online putem!<\/strong><\/p>\n<p style=\"text-align: justify;\">Sve informacije o sadr\u017eaju Belfisa, kao i o samim izlaga\u010dima mo\u017eete prona\u0107i na njihovom zvani\u010dnom sajtu:\u00a0<a href=\"http:\/\/www.belfis.rs\">www.belfis.rs<\/a><\/p>\n","protected":false},"excerpt":{"rendered":"<p>Belfis 2019\u00a0iz godine u godinu postaje doga\u0111aj koji okuplja najbolje iz sfera sporta, fitnesa, wellness-a i zdravlja uop\u0161te. Ovogodi\u0161nji Belfis koji \u0107e se odr\u017eati u Beogradu od\u00a004. do 06. oktobra (Beogradski sajam, hala 3)\u00a0obe\u0107ava mno\u0161tvo fenomenalnog sadr\u017eaja, a me\u0111u njim i u\u010de\u0161\u0107e FitPass brenda i sjajne promotivne akcije! Naime, u sklopu Belfisa\u00a0FitPass je obezbedio 20% [&hellip;]<\/p>\n","protected":false},"author":2,"featured_media":11028,"comment_status":"open","ping_status":"open","sticky":false,"template":"","format":"standard","meta":{"_themeisle_gutenberg_block_has_review":false},"categories":[20],"tags":[],"yoast_head":"<!-- This site is optimized with the Yoast SEO plugin v20.3 - https:\/\/yoast.com\/wordpress\/plugins\/seo\/ -->\n<title>\u010cekamo vas na ovogodi\u0161njem najve\u0107em regionalnom Sajmu fitnesa, wellness-a i zdravlja \u2013 Belfis 2019 | Fitpass<\/title>\n<meta name=\"robots\" content=\"index, follow, max-snippet:-1, max-image-preview:large, max-video-preview:-1\" \/>\n<link rel=\"canonical\" href=\"https:\/\/fitpass.rs\/blog\/cekamo-vas-na-ovogodisnjem-najvecem-regionalnom-sajmu-fitnesa-wellness-zdravlja-belfis-2019\/\" \/>\n<meta property=\"og:locale\" content=\"en_US\" \/>\n<meta property=\"og:type\" content=\"article\" \/>\n<meta property=\"og:title\" content=\"\u010cekamo vas na ovogodi\u0161njem najve\u0107em regionalnom Sajmu fitnesa, wellness-a i zdravlja \u2013 Belfis 2019 | Fitpass\" \/>\n<meta property=\"og:description\" content=\"Belfis 2019\u00a0iz godine u godinu postaje doga\u0111aj koji okuplja najbolje iz sfera sporta, fitnesa, wellness-a i zdravlja uop\u0161te. Ovogodi\u0161nji Belfis koji \u0107e se odr\u017eati u Beogradu od\u00a004. do 06. oktobra (Beogradski sajam, hala 3)\u00a0obe\u0107ava mno\u0161tvo fenomenalnog sadr\u017eaja, a me\u0111u njim i u\u010de\u0161\u0107e FitPass brenda i sjajne promotivne akcije! Naime, u sklopu Belfisa\u00a0FitPass je obezbedio 20% [&hellip;]\" \/>\n<meta property=\"og:url\" content=\"https:\/\/fitpass.rs\/blog\/cekamo-vas-na-ovogodisnjem-najvecem-regionalnom-sajmu-fitnesa-wellness-zdravlja-belfis-2019\/\" \/>\n<meta property=\"og:site_name\" content=\"Fitpass\" \/>\n<meta property=\"article:publisher\" content=\"https:\/\/www.facebook.com\/FitPass.rs\/\" \/>\n<meta property=\"article:published_time\" content=\"2019-10-02T11:24:23+00:00\" \/>\n<meta property=\"article:modified_time\" content=\"2019-10-01T13:34:27+00:00\" \/>\n<meta property=\"og:image\" content=\"https:\/\/fitpass.rs\/blog\/wp-content\/uploads\/2019\/10\/FB-objava-BELFIS-2019-sa-logotipima-1.jpg\" \/>\n\t<meta property=\"og:image:width\" content=\"747\" \/>\n\t<meta property=\"og:image:height\" content=\"464\" \/>\n\t<meta property=\"og:image:type\" content=\"image\/jpeg\" \/>\n<meta name=\"author\" content=\"Fit Pass\" \/>\n<meta name=\"twitter:label1\" content=\"Written by\" \/>\n\t<meta name=\"twitter:data1\" content=\"Fit Pass\" \/>\n\t<meta name=\"twitter:label2\" content=\"Est. reading time\" \/>\n\t<meta name=\"twitter:data2\" content=\"1 minute\" \/>\n<script type=\"application\/ld+json\" class=\"yoast-schema-graph\">{\"@context\":\"https:\/\/schema.org\",\"@graph\":[{\"@type\":\"Article\",\"@id\":\"https:\/\/fitpass.rs\/blog\/cekamo-vas-na-ovogodisnjem-najvecem-regionalnom-sajmu-fitnesa-wellness-zdravlja-belfis-2019\/#article\",\"isPartOf\":{\"@id\":\"https:\/\/fitpass.rs\/blog\/cekamo-vas-na-ovogodisnjem-najvecem-regionalnom-sajmu-fitnesa-wellness-zdravlja-belfis-2019\/\"},\"author\":{\"name\":\"Fit Pass\",\"@id\":\"https:\/\/fitpass.rs\/blog\/#\/schema\/person\/f118e95d58412ae1f52569b8292eadb8\"},\"headline\":\"\u010cekamo vas na ovogodi\u0161njem najve\u0107em regionalnom Sajmu fitnesa, wellness-a i zdravlja \u2013 Belfis 2019\",\"datePublished\":\"2019-10-02T11:24:23+00:00\",\"dateModified\":\"2019-10-01T13:34:27+00:00\",\"mainEntityOfPage\":{\"@id\":\"https:\/\/fitpass.rs\/blog\/cekamo-vas-na-ovogodisnjem-najvecem-regionalnom-sajmu-fitnesa-wellness-zdravlja-belfis-2019\/\"},\"wordCount\":298,\"commentCount\":4,\"publisher\":{\"@id\":\"https:\/\/fitpass.rs\/blog\/#organization\"},\"articleSection\":[\"De\u0161avanja\"],\"inLanguage\":\"en-US\",\"potentialAction\":[{\"@type\":\"CommentAction\",\"name\":\"Comment\",\"target\":[\"https:\/\/fitpass.rs\/blog\/cekamo-vas-na-ovogodisnjem-najvecem-regionalnom-sajmu-fitnesa-wellness-zdravlja-belfis-2019\/#respond\"]}]},{\"@type\":\"WebPage\",\"@id\":\"https:\/\/fitpass.rs\/blog\/cekamo-vas-na-ovogodisnjem-najvecem-regionalnom-sajmu-fitnesa-wellness-zdravlja-belfis-2019\/\",\"url\":\"https:\/\/fitpass.rs\/blog\/cekamo-vas-na-ovogodisnjem-najvecem-regionalnom-sajmu-fitnesa-wellness-zdravlja-belfis-2019\/\",\"name\":\"\u010cekamo vas na ovogodi\u0161njem najve\u0107em regionalnom Sajmu fitnesa, wellness-a i zdravlja \u2013 Belfis 2019 | Fitpass\",\"isPartOf\":{\"@id\":\"https:\/\/fitpass.rs\/blog\/#website\"},\"datePublished\":\"2019-10-02T11:24:23+00:00\",\"dateModified\":\"2019-10-01T13:34:27+00:00\",\"breadcrumb\":{\"@id\":\"https:\/\/fitpass.rs\/blog\/cekamo-vas-na-ovogodisnjem-najvecem-regionalnom-sajmu-fitnesa-wellness-zdravlja-belfis-2019\/#breadcrumb\"},\"inLanguage\":\"en-US\",\"potentialAction\":[{\"@type\":\"ReadAction\",\"target\":[\"https:\/\/fitpass.rs\/blog\/cekamo-vas-na-ovogodisnjem-najvecem-regionalnom-sajmu-fitnesa-wellness-zdravlja-belfis-2019\/\"]}]},{\"@type\":\"BreadcrumbList\",\"@id\":\"https:\/\/fitpass.rs\/blog\/cekamo-vas-na-ovogodisnjem-najvecem-regionalnom-sajmu-fitnesa-wellness-zdravlja-belfis-2019\/#breadcrumb\",\"itemListElement\":[{\"@type\":\"ListItem\",\"position\":1,\"name\":\"Home\",\"item\":\"https:\/\/fitpass.rs\/blog\/\"},{\"@type\":\"ListItem\",\"position\":2,\"name\":\"\u010cekamo vas na ovogodi\u0161njem najve\u0107em regionalnom Sajmu fitnesa, wellness-a i zdravlja \u2013 Belfis 2019\"}]},{\"@type\":\"WebSite\",\"@id\":\"https:\/\/fitpass.rs\/blog\/#website\",\"url\":\"https:\/\/fitpass.rs\/blog\/\",\"name\":\"Fitpass\",\"description\":\"\",\"publisher\":{\"@id\":\"https:\/\/fitpass.rs\/blog\/#organization\"},\"potentialAction\":[{\"@type\":\"SearchAction\",\"target\":{\"@type\":\"EntryPoint\",\"urlTemplate\":\"https:\/\/fitpass.rs\/blog\/?s={search_term_string}\"},\"query-input\":\"required name=search_term_string\"}],\"inLanguage\":\"en-US\"},{\"@type\":\"Organization\",\"@id\":\"https:\/\/fitpass.rs\/blog\/#organization\",\"name\":\"FitPass\",\"url\":\"https:\/\/fitpass.rs\/blog\/\",\"logo\":{\"@type\":\"ImageObject\",\"inLanguage\":\"en-US\",\"@id\":\"https:\/\/fitpass.rs\/blog\/#\/schema\/logo\/image\/\",\"url\":\"https:\/\/fitpass.rs\/blog\/wp-content\/uploads\/2022\/11\/fpBlogbg.jpg\",\"contentUrl\":\"https:\/\/fitpass.rs\/blog\/wp-content\/uploads\/2022\/11\/fpBlogbg.jpg\",\"width\":500,\"height\":500,\"caption\":\"FitPass\"},\"image\":{\"@id\":\"https:\/\/fitpass.rs\/blog\/#\/schema\/logo\/image\/\"},\"sameAs\":[\"https:\/\/www.facebook.com\/FitPass.rs\/\",\"https:\/\/www.instagram.com\/fitpass.srbija\/\",\"https:\/\/www.linkedin.com\/company\/fitpass-group\"]},{\"@type\":\"Person\",\"@id\":\"https:\/\/fitpass.rs\/blog\/#\/schema\/person\/f118e95d58412ae1f52569b8292eadb8\",\"name\":\"Fit Pass\",\"sameAs\":[\"http:\/\/fitpass.rs\"]}]}<\/script>\n<!-- \/ Yoast SEO plugin. -->","yoast_head_json":{"title":"\u010cekamo vas na ovogodi\u0161njem najve\u0107em regionalnom Sajmu fitnesa, wellness-a i zdravlja \u2013 Belfis 2019 | Fitpass","robots":{"index":"index","follow":"follow","max-snippet":"max-snippet:-1","max-image-preview":"max-image-preview:large","max-video-preview":"max-video-preview:-1"},"canonical":"https:\/\/fitpass.rs\/blog\/cekamo-vas-na-ovogodisnjem-najvecem-regionalnom-sajmu-fitnesa-wellness-zdravlja-belfis-2019\/","og_locale":"en_US","og_type":"article","og_title":"\u010cekamo vas na ovogodi\u0161njem najve\u0107em regionalnom Sajmu fitnesa, wellness-a i zdravlja \u2013 Belfis 2019 | Fitpass","og_description":"Belfis 2019\u00a0iz godine u godinu postaje doga\u0111aj koji okuplja najbolje iz sfera sporta, fitnesa, wellness-a i zdravlja uop\u0161te. Ovogodi\u0161nji Belfis koji \u0107e se odr\u017eati u Beogradu od\u00a004. do 06. oktobra (Beogradski sajam, hala 3)\u00a0obe\u0107ava mno\u0161tvo fenomenalnog sadr\u017eaja, a me\u0111u njim i u\u010de\u0161\u0107e FitPass brenda i sjajne promotivne akcije! Naime, u sklopu Belfisa\u00a0FitPass je obezbedio 20% [&hellip;]","og_url":"https:\/\/fitpass.rs\/blog\/cekamo-vas-na-ovogodisnjem-najvecem-regionalnom-sajmu-fitnesa-wellness-zdravlja-belfis-2019\/","og_site_name":"Fitpass","article_publisher":"https:\/\/www.facebook.com\/FitPass.rs\/","article_published_time":"2019-10-02T11:24:23+00:00","article_modified_time":"2019-10-01T13:34:27+00:00","og_image":[{"width":747,"height":464,"url":"https:\/\/fitpass.rs\/blog\/wp-content\/uploads\/2019\/10\/FB-objava-BELFIS-2019-sa-logotipima-1.jpg","type":"image\/jpeg"}],"author":"Fit Pass","twitter_misc":{"Written by":"Fit Pass","Est. reading time":"1 minute"},"schema":{"@context":"https:\/\/schema.org","@graph":[{"@type":"Article","@id":"https:\/\/fitpass.rs\/blog\/cekamo-vas-na-ovogodisnjem-najvecem-regionalnom-sajmu-fitnesa-wellness-zdravlja-belfis-2019\/#article","isPartOf":{"@id":"https:\/\/fitpass.rs\/blog\/cekamo-vas-na-ovogodisnjem-najvecem-regionalnom-sajmu-fitnesa-wellness-zdravlja-belfis-2019\/"},"author":{"name":"Fit Pass","@id":"https:\/\/fitpass.rs\/blog\/#\/schema\/person\/f118e95d58412ae1f52569b8292eadb8"},"headline":"\u010cekamo vas na ovogodi\u0161njem najve\u0107em regionalnom Sajmu fitnesa, wellness-a i zdravlja \u2013 Belfis 2019","datePublished":"2019-10-02T11:24:23+00:00","dateModified":"2019-10-01T13:34:27+00:00","mainEntityOfPage":{"@id":"https:\/\/fitpass.rs\/blog\/cekamo-vas-na-ovogodisnjem-najvecem-regionalnom-sajmu-fitnesa-wellness-zdravlja-belfis-2019\/"},"wordCount":298,"commentCount":4,"publisher":{"@id":"https:\/\/fitpass.rs\/blog\/#organization"},"articleSection":["De\u0161avanja"],"inLanguage":"en-US","potentialAction":[{"@type":"CommentAction","name":"Comment","target":["https:\/\/fitpass.rs\/blog\/cekamo-vas-na-ovogodisnjem-najvecem-regionalnom-sajmu-fitnesa-wellness-zdravlja-belfis-2019\/#respond"]}]},{"@type":"WebPage","@id":"https:\/\/fitpass.rs\/blog\/cekamo-vas-na-ovogodisnjem-najvecem-regionalnom-sajmu-fitnesa-wellness-zdravlja-belfis-2019\/","url":"https:\/\/fitpass.rs\/blog\/cekamo-vas-na-ovogodisnjem-najvecem-regionalnom-sajmu-fitnesa-wellness-zdravlja-belfis-2019\/","name":"\u010cekamo vas na ovogodi\u0161njem najve\u0107em regionalnom Sajmu fitnesa, wellness-a i zdravlja \u2013 Belfis 2019 | Fitpass","isPartOf":{"@id":"https:\/\/fitpass.rs\/blog\/#website"},"datePublished":"2019-10-02T11:24:23+00:00","dateModified":"2019-10-01T13:34:27+00:00","breadcrumb":{"@id":"https:\/\/fitpass.rs\/blog\/cekamo-vas-na-ovogodisnjem-najvecem-regionalnom-sajmu-fitnesa-wellness-zdravlja-belfis-2019\/#breadcrumb"},"inLanguage":"en-US","potentialAction":[{"@type":"ReadAction","target":["https:\/\/fitpass.rs\/blog\/cekamo-vas-na-ovogodisnjem-najvecem-regionalnom-sajmu-fitnesa-wellness-zdravlja-belfis-2019\/"]}]},{"@type":"BreadcrumbList","@id":"https:\/\/fitpass.rs\/blog\/cekamo-vas-na-ovogodisnjem-najvecem-regionalnom-sajmu-fitnesa-wellness-zdravlja-belfis-2019\/#breadcrumb","itemListElement":[{"@type":"ListItem","position":1,"name":"Home","item":"https:\/\/fitpass.rs\/blog\/"},{"@type":"ListItem","position":2,"name":"\u010cekamo vas na ovogodi\u0161njem najve\u0107em regionalnom Sajmu fitnesa, wellness-a i zdravlja \u2013 Belfis 2019"}]},{"@type":"WebSite","@id":"https:\/\/fitpass.rs\/blog\/#website","url":"https:\/\/fitpass.rs\/blog\/","name":"Fitpass","description":"","publisher":{"@id":"https:\/\/fitpass.rs\/blog\/#organization"},"potentialAction":[{"@type":"SearchAction","target":{"@type":"EntryPoint","urlTemplate":"https:\/\/fitpass.rs\/blog\/?s={search_term_string}"},"query-input":"required name=search_term_string"}],"inLanguage":"en-US"},{"@type":"Organization","@id":"https:\/\/fitpass.rs\/blog\/#organization","name":"FitPass","url":"https:\/\/fitpass.rs\/blog\/","logo":{"@type":"ImageObject","inLanguage":"en-US","@id":"https:\/\/fitpass.rs\/blog\/#\/schema\/logo\/image\/","url":"https:\/\/fitpass.rs\/blog\/wp-content\/uploads\/2022\/11\/fpBlogbg.jpg","contentUrl":"https:\/\/fitpass.rs\/blog\/wp-content\/uploads\/2022\/11\/fpBlogbg.jpg","width":500,"height":500,"caption":"FitPass"},"image":{"@id":"https:\/\/fitpass.rs\/blog\/#\/schema\/logo\/image\/"},"sameAs":["https:\/\/www.facebook.com\/FitPass.rs\/","https:\/\/www.instagram.com\/fitpass.srbija\/","https:\/\/www.linkedin.com\/company\/fitpass-group"]},{"@type":"Person","@id":"https:\/\/fitpass.rs\/blog\/#\/schema\/person\/f118e95d58412ae1f52569b8292eadb8","name":"Fit Pass","sameAs":["http:\/\/fitpass.rs"]}]}},"_links":{"self":[{"href":"https:\/\/fitpass.rs\/blog\/wp-json\/wp\/v2\/posts\/11025"}],"collection":[{"href":"https:\/\/fitpass.rs\/blog\/wp-json\/wp\/v2\/posts"}],"about":[{"href":"https:\/\/fitpass.rs\/blog\/wp-json\/wp\/v2\/types\/post"}],"author":[{"embeddable":true,"href":"https:\/\/fitpass.rs\/blog\/wp-json\/wp\/v2\/users\/2"}],"replies":[{"embeddable":true,"href":"https:\/\/fitpass.rs\/blog\/wp-json\/wp\/v2\/comments?post=11025"}],"version-history":[{"count":7,"href":"https:\/\/fitpass.rs\/blog\/wp-json\/wp\/v2\/posts\/11025\/revisions"}],"predecessor-version":[{"id":11034,"href":"https:\/\/fitpass.rs\/blog\/wp-json\/wp\/v2\/posts\/11025\/revisions\/11034"}],"wp:featuredmedia":[{"embeddable":true,"href":"https:\/\/fitpass.rs\/blog\/wp-json\/wp\/v2\/media\/11028"}],"wp:attachment":[{"href":"https:\/\/fitpass.rs\/blog\/wp-json\/wp\/v2\/media?parent=11025"}],"wp:term":[{"taxonomy":"category","embeddable":true,"href":"https:\/\/fitpass.rs\/blog\/wp-json\/wp\/v2\/categories?post=11025"},{"taxonomy":"post_tag","embeddable":true,"href":"https:\/\/fitpass.rs\/blog\/wp-json\/wp\/v2\/tags?post=11025"}],"curies":[{"name":"wp","href":"https:\/\/api.w.org\/{rel}","templated":true}]}}