{"id":8752,"date":"2018-10-08T10:55:22","date_gmt":"2018-10-08T08:55:22","guid":{"rendered":"http:\/\/fitpass.rs\/blog\/?p=8752"},"modified":"2018-10-09T15:31:20","modified_gmt":"2018-10-09T13:31:20","slug":"belfis-2018-pridruzite-nam-se-na-najvecem-regionalnom-sajmu-fitnesa-wellness-zdravlja","status":"publish","type":"post","link":"https:\/\/fitpass.rs\/blog\/belfis-2018-pridruzite-nam-se-na-najvecem-regionalnom-sajmu-fitnesa-wellness-zdravlja\/","title":{"rendered":"Belfis 2018 \u2013 pridru\u017eite nam se na najve\u0107em regionalnom Sajmu fitnesa, wellness-a i zdravlja!"},"content":{"rendered":"<p style=\"text-align: justify;\"><strong>Belfis 2018 <\/strong>iz godine u godinu postaje doga\u0111aj koji okuplja najbolje iz sfera sporta, fitnesa, wellness-a i zdravlja uop\u0161te. Ovogodi\u0161nji Belfis koji \u0107e se odr\u017eati u Beogradu od <strong>12. do 14. oktobra (Beogradski sajam, hala 3)<\/strong> obe\u0107ava mno\u0161tvo fenomenalnog sadr\u017eaja, a me\u0111u njim i u\u010de\u0161\u0107e FitPass brenda i sjajne promotivne akcije!<\/p>\n<p style=\"text-align: justify;\">Naime, u sklopu Belfisa <strong>FitPass je obezbedio 20% popusta na kupovinu na\u0161e kartice, odnosno na kupovinu bilo kojeg paketa iz na\u0161e ponude, kao i obnovu \u010dlanarine.* <\/strong><\/p>\n<p style=\"text-align: justify;\"><strong>Radno vreme na\u0161e promotivne zone bi\u0107e petkom i subotom od 10:00h do 19:00h, a nedeljom od 10:00h do 17:30h.<\/strong><\/p>\n<p>&nbsp;<\/p>\n<p style=\"text-align: justify;\"><strong>Napomena: <\/strong>Popust mogu ostvariti i novi i postoje\u0107i korisnici s tim \u0161to svi dodatni popusti koji su postoje\u0107i korisnici skupili do sada (sistem preporuke, kodovi, nagradni vau\u010deri&#8230;), se <strong>NE<\/strong> mogu obra\u010dunati na popust u sklopu ovog doga\u0111aja. Za sve posetioce smo spremili posebne poklone, koji traju do isteka zaliha.<\/p>\n<p style=\"text-align: justify;\">Tako\u0111e, akcija va\u017ei samo za fizi\u010dka lica, <strong>NE<\/strong> i za korporativne korisnike. Tako\u0111e, promocija se <strong>NE <\/strong>odnosi ni na FitPass Student karticu. <strong>Korisnik koji obnavlja \u010dlanarinu i koja isti\u010de nakon 21. oktobra (uklju\u010duju\u0107i i 21. oktobar) ne\u0107e mo\u0107i da iskoristi popust na ovom doga\u0111aju.<\/strong><\/p>\n<p style=\"text-align: justify;\"><strong>* Popust se obra\u010dunava samo u sklopu ovog doga\u0111aja (dolaskom u na\u0161u promotivnu zonu), NE i u na\u0161em prodajnom centru TC City Passage u Beogradu, niti online putem!<\/strong><\/p>\n<p style=\"text-align: justify;\">Sve informacije o sadr\u017eaju Belfisa, kao i o samim izlaga\u010dima mo\u017eete prona\u0107i na njihovom zvani\u010dnom sajtu: <a href=\"https:\/\/belfis.rs\/\" target=\"_blank\" rel=\"noopener noreferrer\">https:\/\/belfis.rs\/<\/a><\/p>\n","protected":false},"excerpt":{"rendered":"<p>Belfis 2018 iz godine u godinu postaje doga\u0111aj koji okuplja najbolje iz sfera sporta, fitnesa, wellness-a i zdravlja uop\u0161te. Ovogodi\u0161nji Belfis koji \u0107e se odr\u017eati u Beogradu od 12. do 14. oktobra (Beogradski sajam, hala 3) obe\u0107ava mno\u0161tvo fenomenalnog sadr\u017eaja, a me\u0111u njim i u\u010de\u0161\u0107e FitPass brenda i sjajne promotivne akcije! Naime, u sklopu Belfisa [&hellip;]<\/p>\n","protected":false},"author":2,"featured_media":8753,"comment_status":"open","ping_status":"open","sticky":false,"template":"","format":"standard","meta":{"_themeisle_gutenberg_block_has_review":false},"categories":[20],"tags":[],"yoast_head":"<!-- This site is optimized with the Yoast SEO plugin v20.3 - https:\/\/yoast.com\/wordpress\/plugins\/seo\/ -->\n<title>Belfis 2018 \u2013 pridru\u017eite nam se na najve\u0107em regionalnom Sajmu fitnesa, wellness-a i zdravlja! | Fitpass<\/title>\n<meta name=\"robots\" content=\"index, follow, max-snippet:-1, max-image-preview:large, max-video-preview:-1\" \/>\n<link rel=\"canonical\" href=\"https:\/\/fitpass.rs\/blog\/belfis-2018-pridruzite-nam-se-na-najvecem-regionalnom-sajmu-fitnesa-wellness-zdravlja\/\" \/>\n<meta property=\"og:locale\" content=\"en_US\" \/>\n<meta property=\"og:type\" content=\"article\" \/>\n<meta property=\"og:title\" content=\"Belfis 2018 \u2013 pridru\u017eite nam se na najve\u0107em regionalnom Sajmu fitnesa, wellness-a i zdravlja! | Fitpass\" \/>\n<meta property=\"og:description\" content=\"Belfis 2018 iz godine u godinu postaje doga\u0111aj koji okuplja najbolje iz sfera sporta, fitnesa, wellness-a i zdravlja uop\u0161te. Ovogodi\u0161nji Belfis koji \u0107e se odr\u017eati u Beogradu od 12. do 14. oktobra (Beogradski sajam, hala 3) obe\u0107ava mno\u0161tvo fenomenalnog sadr\u017eaja, a me\u0111u njim i u\u010de\u0161\u0107e FitPass brenda i sjajne promotivne akcije! Naime, u sklopu Belfisa [&hellip;]\" \/>\n<meta property=\"og:url\" content=\"https:\/\/fitpass.rs\/blog\/belfis-2018-pridruzite-nam-se-na-najvecem-regionalnom-sajmu-fitnesa-wellness-zdravlja\/\" \/>\n<meta property=\"og:site_name\" content=\"Fitpass\" \/>\n<meta property=\"article:publisher\" content=\"https:\/\/www.facebook.com\/FitPass.rs\/\" \/>\n<meta property=\"article:published_time\" content=\"2018-10-08T08:55:22+00:00\" \/>\n<meta property=\"article:modified_time\" content=\"2018-10-09T13:31:20+00:00\" \/>\n<meta property=\"og:image\" content=\"https:\/\/fitpass.rs\/blog\/wp-content\/uploads\/2018\/10\/Belfis-naslovna-fotografija.png\" \/>\n\t<meta property=\"og:image:width\" content=\"1329\" \/>\n\t<meta property=\"og:image:height\" content=\"509\" \/>\n\t<meta property=\"og:image:type\" content=\"image\/png\" \/>\n<meta name=\"author\" content=\"Fit Pass\" \/>\n<meta name=\"twitter:label1\" content=\"Written by\" \/>\n\t<meta name=\"twitter:data1\" content=\"Fit Pass\" \/>\n\t<meta name=\"twitter:label2\" content=\"Est. reading time\" \/>\n\t<meta name=\"twitter:data2\" content=\"1 minute\" \/>\n<script type=\"application\/ld+json\" class=\"yoast-schema-graph\">{\"@context\":\"https:\/\/schema.org\",\"@graph\":[{\"@type\":\"Article\",\"@id\":\"https:\/\/fitpass.rs\/blog\/belfis-2018-pridruzite-nam-se-na-najvecem-regionalnom-sajmu-fitnesa-wellness-zdravlja\/#article\",\"isPartOf\":{\"@id\":\"https:\/\/fitpass.rs\/blog\/belfis-2018-pridruzite-nam-se-na-najvecem-regionalnom-sajmu-fitnesa-wellness-zdravlja\/\"},\"author\":{\"name\":\"Fit Pass\",\"@id\":\"https:\/\/fitpass.rs\/blog\/#\/schema\/person\/f118e95d58412ae1f52569b8292eadb8\"},\"headline\":\"Belfis 2018 \u2013 pridru\u017eite nam se na najve\u0107em regionalnom Sajmu fitnesa, wellness-a i zdravlja!\",\"datePublished\":\"2018-10-08T08:55:22+00:00\",\"dateModified\":\"2018-10-09T13:31:20+00:00\",\"mainEntityOfPage\":{\"@id\":\"https:\/\/fitpass.rs\/blog\/belfis-2018-pridruzite-nam-se-na-najvecem-regionalnom-sajmu-fitnesa-wellness-zdravlja\/\"},\"wordCount\":281,\"commentCount\":2,\"publisher\":{\"@id\":\"https:\/\/fitpass.rs\/blog\/#organization\"},\"articleSection\":[\"De\u0161avanja\"],\"inLanguage\":\"en-US\",\"potentialAction\":[{\"@type\":\"CommentAction\",\"name\":\"Comment\",\"target\":[\"https:\/\/fitpass.rs\/blog\/belfis-2018-pridruzite-nam-se-na-najvecem-regionalnom-sajmu-fitnesa-wellness-zdravlja\/#respond\"]}]},{\"@type\":\"WebPage\",\"@id\":\"https:\/\/fitpass.rs\/blog\/belfis-2018-pridruzite-nam-se-na-najvecem-regionalnom-sajmu-fitnesa-wellness-zdravlja\/\",\"url\":\"https:\/\/fitpass.rs\/blog\/belfis-2018-pridruzite-nam-se-na-najvecem-regionalnom-sajmu-fitnesa-wellness-zdravlja\/\",\"name\":\"Belfis 2018 \u2013 pridru\u017eite nam se na najve\u0107em regionalnom Sajmu fitnesa, wellness-a i zdravlja! | Fitpass\",\"isPartOf\":{\"@id\":\"https:\/\/fitpass.rs\/blog\/#website\"},\"datePublished\":\"2018-10-08T08:55:22+00:00\",\"dateModified\":\"2018-10-09T13:31:20+00:00\",\"breadcrumb\":{\"@id\":\"https:\/\/fitpass.rs\/blog\/belfis-2018-pridruzite-nam-se-na-najvecem-regionalnom-sajmu-fitnesa-wellness-zdravlja\/#breadcrumb\"},\"inLanguage\":\"en-US\",\"potentialAction\":[{\"@type\":\"ReadAction\",\"target\":[\"https:\/\/fitpass.rs\/blog\/belfis-2018-pridruzite-nam-se-na-najvecem-regionalnom-sajmu-fitnesa-wellness-zdravlja\/\"]}]},{\"@type\":\"BreadcrumbList\",\"@id\":\"https:\/\/fitpass.rs\/blog\/belfis-2018-pridruzite-nam-se-na-najvecem-regionalnom-sajmu-fitnesa-wellness-zdravlja\/#breadcrumb\",\"itemListElement\":[{\"@type\":\"ListItem\",\"position\":1,\"name\":\"Home\",\"item\":\"https:\/\/fitpass.rs\/blog\/\"},{\"@type\":\"ListItem\",\"position\":2,\"name\":\"Belfis 2018 \u2013 pridru\u017eite nam se na najve\u0107em regionalnom Sajmu fitnesa, wellness-a i zdravlja!\"}]},{\"@type\":\"WebSite\",\"@id\":\"https:\/\/fitpass.rs\/blog\/#website\",\"url\":\"https:\/\/fitpass.rs\/blog\/\",\"name\":\"Fitpass\",\"description\":\"\",\"publisher\":{\"@id\":\"https:\/\/fitpass.rs\/blog\/#organization\"},\"potentialAction\":[{\"@type\":\"SearchAction\",\"target\":{\"@type\":\"EntryPoint\",\"urlTemplate\":\"https:\/\/fitpass.rs\/blog\/?s={search_term_string}\"},\"query-input\":\"required name=search_term_string\"}],\"inLanguage\":\"en-US\"},{\"@type\":\"Organization\",\"@id\":\"https:\/\/fitpass.rs\/blog\/#organization\",\"name\":\"FitPass\",\"url\":\"https:\/\/fitpass.rs\/blog\/\",\"logo\":{\"@type\":\"ImageObject\",\"inLanguage\":\"en-US\",\"@id\":\"https:\/\/fitpass.rs\/blog\/#\/schema\/logo\/image\/\",\"url\":\"https:\/\/fitpass.rs\/blog\/wp-content\/uploads\/2022\/11\/fpBlogbg.jpg\",\"contentUrl\":\"https:\/\/fitpass.rs\/blog\/wp-content\/uploads\/2022\/11\/fpBlogbg.jpg\",\"width\":500,\"height\":500,\"caption\":\"FitPass\"},\"image\":{\"@id\":\"https:\/\/fitpass.rs\/blog\/#\/schema\/logo\/image\/\"},\"sameAs\":[\"https:\/\/www.facebook.com\/FitPass.rs\/\",\"https:\/\/www.instagram.com\/fitpass.srbija\/\",\"https:\/\/www.linkedin.com\/company\/fitpass-group\"]},{\"@type\":\"Person\",\"@id\":\"https:\/\/fitpass.rs\/blog\/#\/schema\/person\/f118e95d58412ae1f52569b8292eadb8\",\"name\":\"Fit Pass\",\"sameAs\":[\"http:\/\/fitpass.rs\"]}]}<\/script>\n<!-- \/ Yoast SEO plugin. -->","yoast_head_json":{"title":"Belfis 2018 \u2013 pridru\u017eite nam se na najve\u0107em regionalnom Sajmu fitnesa, wellness-a i zdravlja! | Fitpass","robots":{"index":"index","follow":"follow","max-snippet":"max-snippet:-1","max-image-preview":"max-image-preview:large","max-video-preview":"max-video-preview:-1"},"canonical":"https:\/\/fitpass.rs\/blog\/belfis-2018-pridruzite-nam-se-na-najvecem-regionalnom-sajmu-fitnesa-wellness-zdravlja\/","og_locale":"en_US","og_type":"article","og_title":"Belfis 2018 \u2013 pridru\u017eite nam se na najve\u0107em regionalnom Sajmu fitnesa, wellness-a i zdravlja! | Fitpass","og_description":"Belfis 2018 iz godine u godinu postaje doga\u0111aj koji okuplja najbolje iz sfera sporta, fitnesa, wellness-a i zdravlja uop\u0161te. Ovogodi\u0161nji Belfis koji \u0107e se odr\u017eati u Beogradu od 12. do 14. oktobra (Beogradski sajam, hala 3) obe\u0107ava mno\u0161tvo fenomenalnog sadr\u017eaja, a me\u0111u njim i u\u010de\u0161\u0107e FitPass brenda i sjajne promotivne akcije! Naime, u sklopu Belfisa [&hellip;]","og_url":"https:\/\/fitpass.rs\/blog\/belfis-2018-pridruzite-nam-se-na-najvecem-regionalnom-sajmu-fitnesa-wellness-zdravlja\/","og_site_name":"Fitpass","article_publisher":"https:\/\/www.facebook.com\/FitPass.rs\/","article_published_time":"2018-10-08T08:55:22+00:00","article_modified_time":"2018-10-09T13:31:20+00:00","og_image":[{"width":1329,"height":509,"url":"https:\/\/fitpass.rs\/blog\/wp-content\/uploads\/2018\/10\/Belfis-naslovna-fotografija.png","type":"image\/png"}],"author":"Fit Pass","twitter_misc":{"Written by":"Fit Pass","Est. reading time":"1 minute"},"schema":{"@context":"https:\/\/schema.org","@graph":[{"@type":"Article","@id":"https:\/\/fitpass.rs\/blog\/belfis-2018-pridruzite-nam-se-na-najvecem-regionalnom-sajmu-fitnesa-wellness-zdravlja\/#article","isPartOf":{"@id":"https:\/\/fitpass.rs\/blog\/belfis-2018-pridruzite-nam-se-na-najvecem-regionalnom-sajmu-fitnesa-wellness-zdravlja\/"},"author":{"name":"Fit Pass","@id":"https:\/\/fitpass.rs\/blog\/#\/schema\/person\/f118e95d58412ae1f52569b8292eadb8"},"headline":"Belfis 2018 \u2013 pridru\u017eite nam se na najve\u0107em regionalnom Sajmu fitnesa, wellness-a i zdravlja!","datePublished":"2018-10-08T08:55:22+00:00","dateModified":"2018-10-09T13:31:20+00:00","mainEntityOfPage":{"@id":"https:\/\/fitpass.rs\/blog\/belfis-2018-pridruzite-nam-se-na-najvecem-regionalnom-sajmu-fitnesa-wellness-zdravlja\/"},"wordCount":281,"commentCount":2,"publisher":{"@id":"https:\/\/fitpass.rs\/blog\/#organization"},"articleSection":["De\u0161avanja"],"inLanguage":"en-US","potentialAction":[{"@type":"CommentAction","name":"Comment","target":["https:\/\/fitpass.rs\/blog\/belfis-2018-pridruzite-nam-se-na-najvecem-regionalnom-sajmu-fitnesa-wellness-zdravlja\/#respond"]}]},{"@type":"WebPage","@id":"https:\/\/fitpass.rs\/blog\/belfis-2018-pridruzite-nam-se-na-najvecem-regionalnom-sajmu-fitnesa-wellness-zdravlja\/","url":"https:\/\/fitpass.rs\/blog\/belfis-2018-pridruzite-nam-se-na-najvecem-regionalnom-sajmu-fitnesa-wellness-zdravlja\/","name":"Belfis 2018 \u2013 pridru\u017eite nam se na najve\u0107em regionalnom Sajmu fitnesa, wellness-a i zdravlja! | Fitpass","isPartOf":{"@id":"https:\/\/fitpass.rs\/blog\/#website"},"datePublished":"2018-10-08T08:55:22+00:00","dateModified":"2018-10-09T13:31:20+00:00","breadcrumb":{"@id":"https:\/\/fitpass.rs\/blog\/belfis-2018-pridruzite-nam-se-na-najvecem-regionalnom-sajmu-fitnesa-wellness-zdravlja\/#breadcrumb"},"inLanguage":"en-US","potentialAction":[{"@type":"ReadAction","target":["https:\/\/fitpass.rs\/blog\/belfis-2018-pridruzite-nam-se-na-najvecem-regionalnom-sajmu-fitnesa-wellness-zdravlja\/"]}]},{"@type":"BreadcrumbList","@id":"https:\/\/fitpass.rs\/blog\/belfis-2018-pridruzite-nam-se-na-najvecem-regionalnom-sajmu-fitnesa-wellness-zdravlja\/#breadcrumb","itemListElement":[{"@type":"ListItem","position":1,"name":"Home","item":"https:\/\/fitpass.rs\/blog\/"},{"@type":"ListItem","position":2,"name":"Belfis 2018 \u2013 pridru\u017eite nam se na najve\u0107em regionalnom Sajmu fitnesa, wellness-a i zdravlja!"}]},{"@type":"WebSite","@id":"https:\/\/fitpass.rs\/blog\/#website","url":"https:\/\/fitpass.rs\/blog\/","name":"Fitpass","description":"","publisher":{"@id":"https:\/\/fitpass.rs\/blog\/#organization"},"potentialAction":[{"@type":"SearchAction","target":{"@type":"EntryPoint","urlTemplate":"https:\/\/fitpass.rs\/blog\/?s={search_term_string}"},"query-input":"required name=search_term_string"}],"inLanguage":"en-US"},{"@type":"Organization","@id":"https:\/\/fitpass.rs\/blog\/#organization","name":"FitPass","url":"https:\/\/fitpass.rs\/blog\/","logo":{"@type":"ImageObject","inLanguage":"en-US","@id":"https:\/\/fitpass.rs\/blog\/#\/schema\/logo\/image\/","url":"https:\/\/fitpass.rs\/blog\/wp-content\/uploads\/2022\/11\/fpBlogbg.jpg","contentUrl":"https:\/\/fitpass.rs\/blog\/wp-content\/uploads\/2022\/11\/fpBlogbg.jpg","width":500,"height":500,"caption":"FitPass"},"image":{"@id":"https:\/\/fitpass.rs\/blog\/#\/schema\/logo\/image\/"},"sameAs":["https:\/\/www.facebook.com\/FitPass.rs\/","https:\/\/www.instagram.com\/fitpass.srbija\/","https:\/\/www.linkedin.com\/company\/fitpass-group"]},{"@type":"Person","@id":"https:\/\/fitpass.rs\/blog\/#\/schema\/person\/f118e95d58412ae1f52569b8292eadb8","name":"Fit Pass","sameAs":["http:\/\/fitpass.rs"]}]}},"_links":{"self":[{"href":"https:\/\/fitpass.rs\/blog\/wp-json\/wp\/v2\/posts\/8752"}],"collection":[{"href":"https:\/\/fitpass.rs\/blog\/wp-json\/wp\/v2\/posts"}],"about":[{"href":"https:\/\/fitpass.rs\/blog\/wp-json\/wp\/v2\/types\/post"}],"author":[{"embeddable":true,"href":"https:\/\/fitpass.rs\/blog\/wp-json\/wp\/v2\/users\/2"}],"replies":[{"embeddable":true,"href":"https:\/\/fitpass.rs\/blog\/wp-json\/wp\/v2\/comments?post=8752"}],"version-history":[{"count":6,"href":"https:\/\/fitpass.rs\/blog\/wp-json\/wp\/v2\/posts\/8752\/revisions"}],"predecessor-version":[{"id":8759,"href":"https:\/\/fitpass.rs\/blog\/wp-json\/wp\/v2\/posts\/8752\/revisions\/8759"}],"wp:featuredmedia":[{"embeddable":true,"href":"https:\/\/fitpass.rs\/blog\/wp-json\/wp\/v2\/media\/8753"}],"wp:attachment":[{"href":"https:\/\/fitpass.rs\/blog\/wp-json\/wp\/v2\/media?parent=8752"}],"wp:term":[{"taxonomy":"category","embeddable":true,"href":"https:\/\/fitpass.rs\/blog\/wp-json\/wp\/v2\/categories?post=8752"},{"taxonomy":"post_tag","embeddable":true,"href":"https:\/\/fitpass.rs\/blog\/wp-json\/wp\/v2\/tags?post=8752"}],"curies":[{"name":"wp","href":"https:\/\/api.w.org\/{rel}","templated":true}]}}